{"id":10784,"date":"2021-04-26T07:54:51","date_gmt":"2021-04-26T07:54:51","guid":{"rendered":"http:\/\/madawkuchni.com\/?p=10784"},"modified":"2021-04-28T20:18:26","modified_gmt":"2021-04-28T20:18:26","slug":"jogurtowe-ciasto-z-rabarbarem-i-migdalami","status":"publish","type":"post","link":"https:\/\/madawkuchni.com\/?p=10784","title":{"rendered":"Jogurtowe ciasto z rabarbarem i migda\u0142ami"},"content":{"rendered":"\n<p><strong>Wiosna przysz\u0142a, a wraz z ni\u0105 rabarbar. Uwielbiam. S\u0142o\u0144ce, ogr\u00f3d, zapach koszonej trawy, d\u0142u\u017csze wieczory, wczesne poranki, wycieczki w g\u00f3ry i na pla\u017c\u0119, zielony park, d\u0142ugie spacery z psem i odpoczywanie na le\u017caku z kurami. Oraz ciasta z rabarbarem. Dzisiejsze ciasto jest bardzo aromatyczne, pachn\u0105ce wanili\u0105, migda\u0142ami i cynamonem. Polecam na sezon rabarbarowy. <\/strong><a href=\"https:\/\/www.mojewypieki.com\/przepis\/ciasto-z-rabarbarem-i-migdalami\"><strong>Inspiracja<\/strong><\/a><strong>.<\/strong><\/p>\n\n\n\n<p><em>Sk\u0142adniki:<\/em><\/p>\n\n\n\n<ul class=\"wp-block-list\"><li>90 g mas\u0142a<\/li><li>90 g cukru<\/li><li>2 ma\u0142e jajka<\/li><li>1 \u0142y\u017ceczka ekstraktu z wanilii<\/li><li>kilka kropel olejku migda\u0142owego<\/li><li>180 ml jogurtu greckiego<\/li><li>200 g m\u0105ki pszennej<\/li><li>1 \u0142y\u017ceczka proszku do pieczenia<\/li><li>1 \u0142y\u017ceczka cynamonu<\/li><li>60 g mielonych migda\u0142\u00f3w<\/li><li>450 g rabarbaru<\/li><li>gar\u015b\u0107 p\u0142atk\u00f3w migda\u0142owych<\/li><\/ul>\n\n\n\n<div class=\"wp-block-image\"><figure class=\"aligncenter\"><img loading=\"lazy\" decoding=\"async\" width=\"600\" height=\"400\" src=\"https:\/\/madawkuchni.com\/wp-content\/uploads\/2021\/04\/c1.jpg\" alt=\"\" class=\"wp-image-10786\" srcset=\"https:\/\/madawkuchni.com\/wp-content\/uploads\/2021\/04\/c1.jpg 600w, https:\/\/madawkuchni.com\/wp-content\/uploads\/2021\/04\/c1-360x240.jpg 360w, https:\/\/madawkuchni.com\/wp-content\/uploads\/2021\/04\/c1-595x397.jpg 595w, https:\/\/madawkuchni.com\/wp-content\/uploads\/2021\/04\/c1-75x50.jpg 75w\" sizes=\"auto, (max-width: 600px) 100vw, 600px\" \/><\/figure><\/div>\n\n\n\n<p><em>Wykonanie:<\/em><\/p>\n\n\n\n<p>Tortownic\u0119 o \u015bredniy 23 cm wy\u0142o\u017cy\u0107 papierem do pieczenia (sam sp\u00f3d). Utrze\u0107 mas\u0142o z cukrem na puszyst\u0105 mas\u0119. Doda\u0107 jajka, jedno po drugim, wci\u0105\u017c ucieraj\u0105c. Doda\u0107 wanili\u0119 i olejek migda\u0142owy, zmiksowa\u0107. M\u0105k\u0119 wymiesza\u0107 z proszkiem do pieczenia, cynamonem i mielonymi migda\u0142ami. Do masy ma\u015blanej doda\u0107 po\u0142ow\u0119 suchych sk\u0142adnik\u00f3w. Zmiksowa\u0107. Doda\u0107 jogurt naturalny, zmiksowa\u0107. Doda\u0107 pozosta\u0142e suche sk\u0142adniki, zmiksowa\u0107 do po\u0142\u0105czenia.  <\/p>\n\n\n\n<p>Rabarbar pokroi\u0107 w kawa\u0142ki o d\u0142ugo\u015bci ok 5 cm. <\/p>\n\n\n\n<p>Po\u0142ow\u0119 ciasta wy\u0142o\u017cy\u0107 na tortownic\u0119. Po\u0142ow\u0119 rabarbaru wy\u0142o\u017cy\u0107 na ciasto, przykry\u0107 reszt\u0105 ciasta. Wyr\u00f3wnac grzbietem \u0142y\u017cki. Na wierzchu pouk\u0142adac reszt\u0119 rabarbaru. Ozdobi\u0107 p\u0142atkami migda\u0142owymi.<\/p>\n\n\n\n<p>Piec w temp 180 stopni do suchego patyczka, czyli ok 45 minut.<\/p>\n\n\n\n<p>Ostudzi\u0107,  szczodrze  posypa\u0107 cukrem pudrem.<\/p>\n\n\n\n<div class=\"wp-block-image\"><figure class=\"aligncenter\"><img loading=\"lazy\" decoding=\"async\" width=\"400\" height=\"533\" src=\"https:\/\/madawkuchni.com\/wp-content\/uploads\/2021\/04\/c2.jpg\" alt=\"\" class=\"wp-image-10787\" srcset=\"https:\/\/madawkuchni.com\/wp-content\/uploads\/2021\/04\/c2.jpg 400w, https:\/\/madawkuchni.com\/wp-content\/uploads\/2021\/04\/c2-180x240.jpg 180w\" sizes=\"auto, (max-width: 400px) 100vw, 400px\" \/><\/figure><\/div>\n","protected":false},"excerpt":{"rendered":"<p>Wiosna przysz\u0142a, a wraz z ni\u0105 rabarbar. Uwielbiam. S\u0142o\u0144ce, ogr\u00f3d, zapach koszonej trawy, d\u0142u\u017csze wieczory, wczesne poranki, wycieczki w g\u00f3ry i na pla\u017c\u0119, zielony park, d\u0142ugie spacery z psem i odpoczywanie na le\u017caku z kurami. Oraz ciasta z rabarbarem. Dzisiejsze ciasto jest bardzo aromatyczne, pachn\u0105ce wanili\u0105, migda\u0142ami i cynamonem. Polecam na sezon rabarbarowy. Inspiracja. Sk\u0142adniki: [&hellip;]<\/p>\n","protected":false},"author":1,"featured_media":10788,"comment_status":"open","ping_status":"open","sticky":false,"template":"","format":"standard","meta":{"_exactmetrics_skip_tracking":false,"_exactmetrics_sitenote_active":false,"_exactmetrics_sitenote_note":"","_exactmetrics_sitenote_category":0,"footnotes":""},"categories":[27],"tags":[97,52],"class_list":["post-10784","post","type-post","status-publish","format-standard","has-post-thumbnail","hentry","category-babki-i-ciasta-ucierane","tag-marcepan","tag-rabarbar"],"_links":{"self":[{"href":"https:\/\/madawkuchni.com\/index.php?rest_route=\/wp\/v2\/posts\/10784","targetHints":{"allow":["GET"]}}],"collection":[{"href":"https:\/\/madawkuchni.com\/index.php?rest_route=\/wp\/v2\/posts"}],"about":[{"href":"https:\/\/madawkuchni.com\/index.php?rest_route=\/wp\/v2\/types\/post"}],"author":[{"embeddable":true,"href":"https:\/\/madawkuchni.com\/index.php?rest_route=\/wp\/v2\/users\/1"}],"replies":[{"embeddable":true,"href":"https:\/\/madawkuchni.com\/index.php?rest_route=%2Fwp%2Fv2%2Fcomments&post=10784"}],"version-history":[{"count":3,"href":"https:\/\/madawkuchni.com\/index.php?rest_route=\/wp\/v2\/posts\/10784\/revisions"}],"predecessor-version":[{"id":10799,"href":"https:\/\/madawkuchni.com\/index.php?rest_route=\/wp\/v2\/posts\/10784\/revisions\/10799"}],"wp:featuredmedia":[{"embeddable":true,"href":"https:\/\/madawkuchni.com\/index.php?rest_route=\/wp\/v2\/media\/10788"}],"wp:attachment":[{"href":"https:\/\/madawkuchni.com\/index.php?rest_route=%2Fwp%2Fv2%2Fmedia&parent=10784"}],"wp:term":[{"taxonomy":"category","embeddable":true,"href":"https:\/\/madawkuchni.com\/index.php?rest_route=%2Fwp%2Fv2%2Fcategories&post=10784"},{"taxonomy":"post_tag","embeddable":true,"href":"https:\/\/madawkuchni.com\/index.php?rest_route=%2Fwp%2Fv2%2Ftags&post=10784"}],"curies":[{"name":"wp","href":"https:\/\/api.w.org\/{rel}","templated":true}]}}