{"id":11108,"date":"2022-03-09T07:26:15","date_gmt":"2022-03-09T07:26:15","guid":{"rendered":"http:\/\/madawkuchni.com\/?p=11108"},"modified":"2022-03-09T07:26:19","modified_gmt":"2022-03-09T07:26:19","slug":"smietanowe-ciasto-z-liofilizowanymi-malinami","status":"publish","type":"post","link":"https:\/\/madawkuchni.com\/?p=11108","title":{"rendered":"\u015amietanowe ciasto z liofilizowanymi malinami"},"content":{"rendered":"\n<p><strong>Mi\u0119ciutkie ciasto o delikatnym smaku, pi\u0119knie wygl\u0105daj\u0105ce i smaczne. Idealne do popo\u0142udniowej herbatki, gdy wpadn\u0105 do nas go\u015bcie. Bardzo d\u0142ugo utrzymuje \u015bwie\u017co\u015b\u0107. Owoce u\u017cyte w tym cie\u015bcie musz\u0105 by\u0107 liofilizowane lub suszone, naturalne owoce by\u0142yby zbyt wilgotne. Przepis pochodzi z ksi\u0105\u017cki &#8222;At my table&#8221; Nigelli Lawson.<\/strong><\/p>\n\n\n\n<p><em>Sk\u0142adniki:<\/em><\/p>\n\n\n\n<ul class=\"wp-block-list\"><li>175 g m\u0105ki pszennej<\/li><li>1\/2 \u0142y\u017ceczki proszku do pieczenia<\/li><li>1\/2 \u0142y\u017ceczki sody oczyszczonej<\/li><li>175 ml kwa\u015bnej \u015bmietany<\/li><li>150 g cukru<\/li><li>2 jajka<\/li><li>1 \u0142y\u017ceczka ekstraktu z wanilii<\/li><li>125 ml oleju rzepakowego<\/li><li>2 kopiaste \u0142y\u017cki liofilizoanych malin<\/li><\/ul>\n\n\n\n<div class=\"wp-block-image\"><figure class=\"aligncenter\"><img loading=\"lazy\" decoding=\"async\" width=\"600\" height=\"400\" src=\"https:\/\/madawkuchni.com\/wp-content\/uploads\/2022\/02\/20220219_104649.jpg\" alt=\"\" class=\"wp-image-11111\" srcset=\"https:\/\/madawkuchni.com\/wp-content\/uploads\/2022\/02\/20220219_104649.jpg 600w, https:\/\/madawkuchni.com\/wp-content\/uploads\/2022\/02\/20220219_104649-360x240.jpg 360w, https:\/\/madawkuchni.com\/wp-content\/uploads\/2022\/02\/20220219_104649-595x397.jpg 595w, https:\/\/madawkuchni.com\/wp-content\/uploads\/2022\/02\/20220219_104649-75x50.jpg 75w\" sizes=\"auto, (max-width: 600px) 100vw, 600px\" \/><\/figure><\/div>\n\n\n\n<p><em>Wykonanie:<\/em><\/p>\n\n\n\n<p>W jednym naczyniu wymiesza\u0107 m\u0105k\u0119 z proszkiem do pieczenia i sod\u0105 oczyszczon\u0105. W drugim naczyniu wymiesza\u0107 \u015bmietan\u0119 z cukrem, jajkami, wanili\u0105 i olejem. <\/p>\n\n\n\n<p>Mokre sk\u0142adniki przela\u0107 do suchych. Ca\u0142o\u015b\u0107 zmiksowa\u0107 na g\u0142adk\u0105 mas\u0119, doda\u0107 liofilizowane maliny, wymiesza\u0107 szpatu\u0142k\u0105. Keks\u00f3wk\u0119 nat\u0142u\u015bci\u0107 i wy\u0142o\u017cy\u0107 papierem do pieczenia. Prze\u0142o\u017cy\u0107 do niej ciasto, wyr\u00f3wna\u0107.<\/p>\n\n\n\n<p>Piec w temp 180 stopni do suchego patyczka, czyli ok 30 minut.<\/p>\n\n\n\n<p>Ciasto jest bardzo delikatne, wi\u0119c warto pozwoli\u0107 mu wystygn\u0105\u0107 w keks\u00f3wce. W tym czasie mo\u017cna przygotowa\u0107 lukier z cukru pudru (125 g) i wrz\u0105cej wody (1 &#8211; 2 \u0142y\u017cki). Ostygni\u0119te ciasto wyj\u0105\u0107 z keks\u00f3wki, posmarowa\u0107 lukrem i ozdobi\u0107 szczypt\u0105 liofilizoanych malin.<\/p>\n\n\n\n<div class=\"wp-block-image\"><figure class=\"aligncenter\"><img loading=\"lazy\" decoding=\"async\" width=\"600\" height=\"400\" src=\"https:\/\/madawkuchni.com\/wp-content\/uploads\/2022\/02\/20220219_104402.jpg\" alt=\"\" class=\"wp-image-11109\" srcset=\"https:\/\/madawkuchni.com\/wp-content\/uploads\/2022\/02\/20220219_104402.jpg 600w, https:\/\/madawkuchni.com\/wp-content\/uploads\/2022\/02\/20220219_104402-360x240.jpg 360w, https:\/\/madawkuchni.com\/wp-content\/uploads\/2022\/02\/20220219_104402-595x397.jpg 595w, https:\/\/madawkuchni.com\/wp-content\/uploads\/2022\/02\/20220219_104402-75x50.jpg 75w\" sizes=\"auto, (max-width: 600px) 100vw, 600px\" \/><\/figure><\/div>\n","protected":false},"excerpt":{"rendered":"<p>Mi\u0119ciutkie ciasto o delikatnym smaku, pi\u0119knie wygl\u0105daj\u0105ce i smaczne. Idealne do popo\u0142udniowej herbatki, gdy wpadn\u0105 do nas go\u015bcie. Bardzo d\u0142ugo utrzymuje \u015bwie\u017co\u015b\u0107. Owoce u\u017cyte w tym cie\u015bcie musz\u0105 by\u0107 liofilizowane lub suszone, naturalne owoce by\u0142yby zbyt wilgotne. Przepis pochodzi z ksi\u0105\u017cki &#8222;At my table&#8221; Nigelli Lawson. Sk\u0142adniki: 175 g m\u0105ki pszennej 1\/2 \u0142y\u017ceczki proszku do [&hellip;]<\/p>\n","protected":false},"author":1,"featured_media":11110,"comment_status":"open","ping_status":"open","sticky":false,"template":"","format":"standard","meta":{"_exactmetrics_skip_tracking":false,"_exactmetrics_sitenote_active":false,"_exactmetrics_sitenote_note":"","_exactmetrics_sitenote_category":0,"footnotes":""},"categories":[27],"tags":[49,126],"class_list":["post-11108","post","type-post","status-publish","format-standard","has-post-thumbnail","hentry","category-babki-i-ciasta-ucierane","tag-maliny","tag-nigella-lawson"],"_links":{"self":[{"href":"https:\/\/madawkuchni.com\/index.php?rest_route=\/wp\/v2\/posts\/11108","targetHints":{"allow":["GET"]}}],"collection":[{"href":"https:\/\/madawkuchni.com\/index.php?rest_route=\/wp\/v2\/posts"}],"about":[{"href":"https:\/\/madawkuchni.com\/index.php?rest_route=\/wp\/v2\/types\/post"}],"author":[{"embeddable":true,"href":"https:\/\/madawkuchni.com\/index.php?rest_route=\/wp\/v2\/users\/1"}],"replies":[{"embeddable":true,"href":"https:\/\/madawkuchni.com\/index.php?rest_route=%2Fwp%2Fv2%2Fcomments&post=11108"}],"version-history":[{"count":1,"href":"https:\/\/madawkuchni.com\/index.php?rest_route=\/wp\/v2\/posts\/11108\/revisions"}],"predecessor-version":[{"id":11112,"href":"https:\/\/madawkuchni.com\/index.php?rest_route=\/wp\/v2\/posts\/11108\/revisions\/11112"}],"wp:featuredmedia":[{"embeddable":true,"href":"https:\/\/madawkuchni.com\/index.php?rest_route=\/wp\/v2\/media\/11110"}],"wp:attachment":[{"href":"https:\/\/madawkuchni.com\/index.php?rest_route=%2Fwp%2Fv2%2Fmedia&parent=11108"}],"wp:term":[{"taxonomy":"category","embeddable":true,"href":"https:\/\/madawkuchni.com\/index.php?rest_route=%2Fwp%2Fv2%2Fcategories&post=11108"},{"taxonomy":"post_tag","embeddable":true,"href":"https:\/\/madawkuchni.com\/index.php?rest_route=%2Fwp%2Fv2%2Ftags&post=11108"}],"curies":[{"name":"wp","href":"https:\/\/api.w.org\/{rel}","templated":true}]}}