{"id":8250,"date":"2016-05-19T12:14:54","date_gmt":"2016-05-19T12:14:54","guid":{"rendered":"http:\/\/madawkuchni.com\/?p=8250"},"modified":"2016-05-19T12:14:54","modified_gmt":"2016-05-19T12:14:54","slug":"waniliowy-sernik-na-jogurcie-greckim-z-brzoskwiniami","status":"publish","type":"post","link":"https:\/\/madawkuchni.com\/?p=8250","title":{"rendered":"Waniliowy sernik na jogurcie greckim z brzoskwiniami"},"content":{"rendered":"<p style=\"text-align: justify;\"><strong>Mama sobie za\u017cyczy\u0142a sernika na podwieczorek. Niestety nie mia\u0142y\u015bmy bia\u0142ego sera, a \u017cadna z nas nie znalaz\u0142a w sobie si\u0142y, by p\u00f3j\u015b\u0107 do sklepu. Na szcz\u0119\u015bcie w lod\u00f3wce znalaz\u0142am jogurt grecki. Serniczek wyszed\u0142 puszysty, delikatny, wilgotny. Bardzo smaczny.<\/strong><\/p>\n<p style=\"text-align: justify;\"><em>Sk\u0142adniki na sp\u00f3d:<\/em><\/p>\n<ul>\n<li style=\"text-align: justify;\">240 g ciastek typu digestive powleczonych mleczn\u0105 czekolad\u0105<\/li>\n<li style=\"text-align: justify;\">75 g mas\u0142a<\/li>\n<\/ul>\n<p><em>Sk\u0142adniki na nadzienie:<\/em><\/p>\n<ul>\n<li>500 g jogurtu greckiego<\/li>\n<li>3 jajka<\/li>\n<li>1 op. budyniu w proszku (bez cukru)<\/li>\n<li>1 laska wanilii<\/li>\n<li>50 g cukru<\/li>\n<li>szczypta soli<\/li>\n<li>325 g brzoskwi\u0144 w syropie<\/li>\n<\/ul>\n<p><a href=\"https:\/\/madawkuchni.com\/wp-content\/uploads\/2016\/05\/sernik2.jpg\" rel=\"attachment wp-att-8254\"><img loading=\"lazy\" decoding=\"async\" class=\"size-medium wp-image-8254 aligncenter\" src=\"https:\/\/madawkuchni.com\/wp-content\/uploads\/2016\/05\/sernik2-595x598.jpg\" alt=\"sernik2\" width=\"595\" height=\"598\" srcset=\"https:\/\/madawkuchni.com\/wp-content\/uploads\/2016\/05\/sernik2-595x598.jpg 595w, https:\/\/madawkuchni.com\/wp-content\/uploads\/2016\/05\/sernik2-60x60.jpg 60w, https:\/\/madawkuchni.com\/wp-content\/uploads\/2016\/05\/sernik2.jpg 600w\" sizes=\"auto, (max-width: 595px) 100vw, 595px\" \/><\/a><\/p>\n<p><em>Wykonanie<\/em>:<\/p>\n<p style=\"text-align: justify;\">Ciastka rozkruszy\u0107 i wymiesza\u0107 z roztopionym mas\u0142em. Nat\u0142uszczon\u0105 tortownic\u0119 wy\u0142o\u017cy\u0107 papierem do pieczenia, na sp\u00f3d wysypa\u0107 ma\u015blane ciastka. Wyr\u00f3wna\u0107 sp\u00f3d dociskaj\u0105c \u0142y\u017ck\u0105, wstawi\u0107 do lod\u00f3wki.<\/p>\n<p style=\"text-align: justify;\">\u017b\u00f3\u0142tka roztrzepa\u0107 mikserem. Doda\u0107 jogurt i budy\u0144, ca\u0142o\u015b\u0107 zmiksowa\u0107. Lask\u0119 wanilii przekroi\u0107 wzd\u0142u\u017c, no\u017cem wyskroba\u0107 z niej ziarenka, wmiksowa\u0107 do masy jogurtowej.<\/p>\n<p style=\"text-align: justify;\">Do bia\u0142ek doda\u0107 szczypt\u0119 soli i ubi\u0107 na sztywno. Pod koniec ubijania dodawa\u0107 cukier. Ubite bia\u0142ka po\u0142\u0105czy\u0107 z mas\u0105 jogurtow\u0105 za pomoc\u0105 szpatu\u0142ki. Mas\u0119 prze\u0142o\u017cy\u0107 do tortownicy, na ciasteczkowy sp\u00f3d. Brzoskwinie pokroi\u0107 na \u0107wiartki, ozdobi\u0107 nimi sernik.<\/p>\n<p style=\"text-align: justify;\">Piec w k\u0105pieli wodnej do suchego patyczka, czyli ok. 60 minut.<\/p>\n<p style=\"text-align: justify;\"><a href=\"https:\/\/madawkuchni.com\/wp-content\/uploads\/2016\/05\/sernik3.jpg\" rel=\"attachment wp-att-8255\"><img loading=\"lazy\" decoding=\"async\" class=\"alignnone size-medium wp-image-8255\" src=\"https:\/\/madawkuchni.com\/wp-content\/uploads\/2016\/05\/sernik3-595x396.jpg\" alt=\"sernik3\" width=\"595\" height=\"396\" srcset=\"https:\/\/madawkuchni.com\/wp-content\/uploads\/2016\/05\/sernik3-595x396.jpg 595w, https:\/\/madawkuchni.com\/wp-content\/uploads\/2016\/05\/sernik3.jpg 600w\" sizes=\"auto, (max-width: 595px) 100vw, 595px\" \/><\/a><\/p>\n","protected":false},"excerpt":{"rendered":"<p>Mama sobie za\u017cyczy\u0142a sernika na podwieczorek. Niestety nie mia\u0142y\u015bmy bia\u0142ego sera, a \u017cadna z nas nie znalaz\u0142a w sobie si\u0142y, by p\u00f3j\u015b\u0107 do sklepu. Na szcz\u0119\u015bcie w lod\u00f3wce znalaz\u0142am jogurt grecki. Serniczek wyszed\u0142 puszysty, delikatny, wilgotny. Bardzo smaczny. Sk\u0142adniki na sp\u00f3d: 240 g ciastek typu digestive powleczonych mleczn\u0105 czekolad\u0105 75 g mas\u0142a Sk\u0142adniki na nadzienie: [&hellip;]<\/p>\n","protected":false},"author":1,"featured_media":8253,"comment_status":"open","ping_status":"open","sticky":false,"template":"","format":"standard","meta":{"_exactmetrics_skip_tracking":false,"_exactmetrics_sitenote_active":false,"_exactmetrics_sitenote_note":"","_exactmetrics_sitenote_category":0,"footnotes":""},"categories":[18],"tags":[],"class_list":["post-8250","post","type-post","status-publish","format-standard","has-post-thumbnail","hentry","category-serniki"],"_links":{"self":[{"href":"https:\/\/madawkuchni.com\/index.php?rest_route=\/wp\/v2\/posts\/8250","targetHints":{"allow":["GET"]}}],"collection":[{"href":"https:\/\/madawkuchni.com\/index.php?rest_route=\/wp\/v2\/posts"}],"about":[{"href":"https:\/\/madawkuchni.com\/index.php?rest_route=\/wp\/v2\/types\/post"}],"author":[{"embeddable":true,"href":"https:\/\/madawkuchni.com\/index.php?rest_route=\/wp\/v2\/users\/1"}],"replies":[{"embeddable":true,"href":"https:\/\/madawkuchni.com\/index.php?rest_route=%2Fwp%2Fv2%2Fcomments&post=8250"}],"version-history":[{"count":2,"href":"https:\/\/madawkuchni.com\/index.php?rest_route=\/wp\/v2\/posts\/8250\/revisions"}],"predecessor-version":[{"id":8256,"href":"https:\/\/madawkuchni.com\/index.php?rest_route=\/wp\/v2\/posts\/8250\/revisions\/8256"}],"wp:featuredmedia":[{"embeddable":true,"href":"https:\/\/madawkuchni.com\/index.php?rest_route=\/wp\/v2\/media\/8253"}],"wp:attachment":[{"href":"https:\/\/madawkuchni.com\/index.php?rest_route=%2Fwp%2Fv2%2Fmedia&parent=8250"}],"wp:term":[{"taxonomy":"category","embeddable":true,"href":"https:\/\/madawkuchni.com\/index.php?rest_route=%2Fwp%2Fv2%2Fcategories&post=8250"},{"taxonomy":"post_tag","embeddable":true,"href":"https:\/\/madawkuchni.com\/index.php?rest_route=%2Fwp%2Fv2%2Ftags&post=8250"}],"curies":[{"name":"wp","href":"https:\/\/api.w.org\/{rel}","templated":true}]}}